{"id":4310,"date":"2021-02-11T16:00:44","date_gmt":"2021-02-11T16:00:44","guid":{"rendered":"https:\/\/www.lifeazoresnatura.eu\/?post_type=noticias&#038;p=4310"},"modified":"2021-02-11T16:59:04","modified_gmt":"2021-02-11T16:59:04","slug":"the-bird-of-the-year-is-exclusive-to-the-azores-archipelago","status":"publish","type":"noticias","link":"https:\/\/www.lifeazoresnatura.eu\/en\/news\/the-bird-of-the-year-is-exclusive-to-the-azores-archipelago\/","title":{"rendered":"The Bird of the Year is exclusive to the Azores archipelago"},"content":{"rendered":"<div class=\"o9v6fnle cxmmr5t8 oygrvhab hcukyx3x c1et5uql ii04i59q\">\n<div dir=\"auto\">The bird of the year was elected, and it is a species exclusive to the Azores archipelago. In an article published in the magazine &#8220;P\u00fablico&#8221; it was announced that Monteiro&#8217;s storm petrel (Hydrobates monteiroi) had been chosen as bird of the year. This species, endemic to the Azores, nests on the islets of Baixo and Praia off Graciosa Island, on the Alagoa islets off Flores Island, and possibly on Corvo Island. It is a small bird, smaller than a blackbird, and feeds essentially on mictofidae, crustaceans and cephalopods. The main threats to this species are introduced predators, such as the Madeiran wall lizard (Teira dugesii), and habitat destruction.<\/div>\n<\/div>\n<div class=\"o9v6fnle cxmmr5t8 oygrvhab hcukyx3x c1et5uql ii04i59q\">\n<div dir=\"auto\">The LIFE IP AZORES NATURA project will improve the habitat of this species through conservation work in the Baixo and Praia islets within the frame of action C6.1 \u201cRestoration islet Seabirds habitats\u201d. Furthermore, a Biosecurity Plan has been elaborated, and the population status of this species is being monitored.<\/div>\n<\/div>\n<p>For more information about the election of bird of the year: <a href=\"https:\/\/www.publico.pt\/2021\/02\/10\/local\/noticia\/ave-ano-2021-ja-eleita-exclusivo-acores-1950122\">A Ave do Ano 2021 j\u00e1 foi eleita \u2014 e \u00e9 um exclusivo dos A\u00e7ores | Ambiente | P\u00daBLICO (publico.pt)<\/a><\/p>\n","protected":false},"author":6,"featured_media":4307,"template":"","class_list":["post-4310","noticias","type-noticias","status-publish","has-post-thumbnail","hentry"],"acf":[],"yoast_head":"<!-- This site is optimized with the Yoast SEO plugin v27.3 - https:\/\/yoast.com\/product\/yoast-seo-wordpress\/ -->\n<title>The Bird of the Year is exclusive to the Azores archipelago - LIFE IP Azores Natura<\/title>\n<meta name=\"description\" content=\"The bird of the year was elected, and it is a species exclusive to the Azores archipelago. In an article published in the magazine &quot;P\u00fablico&quot; it was\" \/>\n<meta name=\"robots\" content=\"index, follow, max-snippet:-1, max-image-preview:large, max-video-preview:-1\" \/>\n<link rel=\"canonical\" href=\"https:\/\/www.lifeazoresnatura.eu\/en\/news\/the-bird-of-the-year-is-exclusive-to-the-azores-archipelago\/\" \/>\n<meta property=\"og:locale\" content=\"en_US\" \/>\n<meta property=\"og:type\" content=\"article\" \/>\n<meta property=\"og:title\" content=\"The Bird of the Year is exclusive to the Azores archipelago - LIFE IP Azores Natura\" \/>\n<meta property=\"og:description\" content=\"The bird of the year was elected, and it is a species exclusive to the Azores archipelago. In an article published in the magazine &quot;P\u00fablico&quot; it was\" \/>\n<meta property=\"og:url\" content=\"https:\/\/www.lifeazoresnatura.eu\/en\/news\/the-bird-of-the-year-is-exclusive-to-the-azores-archipelago\/\" \/>\n<meta property=\"og:site_name\" content=\"LIFE IP Azores Natura\" \/>\n<meta property=\"article:publisher\" content=\"https:\/\/www.facebook.com\/LIFEIPAZORESNATURA\" \/>\n<meta property=\"article:modified_time\" content=\"2021-02-11T16:59:04+00:00\" \/>\n<meta property=\"og:image\" content=\"https:\/\/www.lifeazoresnatura.eu\/wp-content\/uploads\/2021\/02\/1.jpg\" \/>\n\t<meta property=\"og:image:width\" content=\"870\" \/>\n\t<meta property=\"og:image:height\" content=\"582\" \/>\n\t<meta property=\"og:image:type\" content=\"image\/jpeg\" \/>\n<meta name=\"twitter:card\" content=\"summary_large_image\" \/>\n<meta name=\"twitter:label1\" content=\"Est. reading time\" \/>\n\t<meta name=\"twitter:data1\" content=\"1 minute\" \/>\n<script type=\"application\/ld+json\" class=\"yoast-schema-graph\">{\"@context\":\"https:\\\/\\\/schema.org\",\"@graph\":[{\"@type\":\"WebPage\",\"@id\":\"https:\\\/\\\/www.lifeazoresnatura.eu\\\/en\\\/news\\\/the-bird-of-the-year-is-exclusive-to-the-azores-archipelago\\\/\",\"url\":\"https:\\\/\\\/www.lifeazoresnatura.eu\\\/en\\\/news\\\/the-bird-of-the-year-is-exclusive-to-the-azores-archipelago\\\/\",\"name\":\"The Bird of the Year is exclusive to the Azores archipelago - LIFE IP Azores Natura\",\"isPartOf\":{\"@id\":\"https:\\\/\\\/www.lifeazoresnatura.eu\\\/#website\"},\"primaryImageOfPage\":{\"@id\":\"https:\\\/\\\/www.lifeazoresnatura.eu\\\/en\\\/news\\\/the-bird-of-the-year-is-exclusive-to-the-azores-archipelago\\\/#primaryimage\"},\"image\":{\"@id\":\"https:\\\/\\\/www.lifeazoresnatura.eu\\\/en\\\/news\\\/the-bird-of-the-year-is-exclusive-to-the-azores-archipelago\\\/#primaryimage\"},\"thumbnailUrl\":\"https:\\\/\\\/www.lifeazoresnatura.eu\\\/wp-content\\\/uploads\\\/2021\\\/02\\\/1.jpg\",\"datePublished\":\"2021-02-11T16:00:44+00:00\",\"dateModified\":\"2021-02-11T16:59:04+00:00\",\"description\":\"The bird of the year was elected, and it is a species exclusive to the Azores archipelago. In an article published in the magazine \\\"P\u00fablico\\\" it was\",\"breadcrumb\":{\"@id\":\"https:\\\/\\\/www.lifeazoresnatura.eu\\\/en\\\/news\\\/the-bird-of-the-year-is-exclusive-to-the-azores-archipelago\\\/#breadcrumb\"},\"inLanguage\":\"en-US\",\"potentialAction\":[{\"@type\":\"ReadAction\",\"target\":[\"https:\\\/\\\/www.lifeazoresnatura.eu\\\/en\\\/news\\\/the-bird-of-the-year-is-exclusive-to-the-azores-archipelago\\\/\"]}]},{\"@type\":\"ImageObject\",\"inLanguage\":\"en-US\",\"@id\":\"https:\\\/\\\/www.lifeazoresnatura.eu\\\/en\\\/news\\\/the-bird-of-the-year-is-exclusive-to-the-azores-archipelago\\\/#primaryimage\",\"url\":\"https:\\\/\\\/www.lifeazoresnatura.eu\\\/wp-content\\\/uploads\\\/2021\\\/02\\\/1.jpg\",\"contentUrl\":\"https:\\\/\\\/www.lifeazoresnatura.eu\\\/wp-content\\\/uploads\\\/2021\\\/02\\\/1.jpg\",\"width\":870,\"height\":582},{\"@type\":\"BreadcrumbList\",\"@id\":\"https:\\\/\\\/www.lifeazoresnatura.eu\\\/en\\\/news\\\/the-bird-of-the-year-is-exclusive-to-the-azores-archipelago\\\/#breadcrumb\",\"itemListElement\":[{\"@type\":\"ListItem\",\"position\":1,\"name\":\"In\u00edcio\",\"item\":\"https:\\\/\\\/www.lifeazoresnatura.eu\\\/en\\\/\"},{\"@type\":\"ListItem\",\"position\":2,\"name\":\"Not\u00edcias\",\"item\":\"https:\\\/\\\/www.lifeazoresnatura.eu\\\/noticias\\\/\"},{\"@type\":\"ListItem\",\"position\":3,\"name\":\"The Bird of the Year is exclusive to the Azores archipelago\"}]},{\"@type\":\"WebSite\",\"@id\":\"https:\\\/\\\/www.lifeazoresnatura.eu\\\/#website\",\"url\":\"https:\\\/\\\/www.lifeazoresnatura.eu\\\/\",\"name\":\"LIFE IP Azores Natura\",\"description\":\"Preserva\u00e7\u00e3o da natureza em Horta\",\"publisher\":{\"@id\":\"https:\\\/\\\/www.lifeazoresnatura.eu\\\/#organization\"},\"potentialAction\":[{\"@type\":\"SearchAction\",\"target\":{\"@type\":\"EntryPoint\",\"urlTemplate\":\"https:\\\/\\\/www.lifeazoresnatura.eu\\\/?s={search_term_string}\"},\"query-input\":{\"@type\":\"PropertyValueSpecification\",\"valueRequired\":true,\"valueName\":\"search_term_string\"}}],\"inLanguage\":\"en-US\"},{\"@type\":\"Organization\",\"@id\":\"https:\\\/\\\/www.lifeazoresnatura.eu\\\/#organization\",\"name\":\"LIFE IP Azores Natura\",\"url\":\"https:\\\/\\\/www.lifeazoresnatura.eu\\\/\",\"logo\":{\"@type\":\"ImageObject\",\"inLanguage\":\"en-US\",\"@id\":\"https:\\\/\\\/www.lifeazoresnatura.eu\\\/#\\\/schema\\\/logo\\\/image\\\/\",\"url\":\"https:\\\/\\\/www.lifeazoresnatura.eu\\\/wp-content\\\/uploads\\\/2019\\\/07\\\/logo.png\",\"contentUrl\":\"https:\\\/\\\/www.lifeazoresnatura.eu\\\/wp-content\\\/uploads\\\/2019\\\/07\\\/logo.png\",\"width\":2100,\"height\":900,\"caption\":\"LIFE IP Azores Natura\"},\"image\":{\"@id\":\"https:\\\/\\\/www.lifeazoresnatura.eu\\\/#\\\/schema\\\/logo\\\/image\\\/\"},\"sameAs\":[\"https:\\\/\\\/www.facebook.com\\\/LIFEIPAZORESNATURA\",\"https:\\\/\\\/www.instagram.com\\\/lifeipazoresnatura\\\/?hl=pt\"]}]}<\/script>\n<!-- \/ Yoast SEO plugin. -->","yoast_head_json":{"title":"The Bird of the Year is exclusive to the Azores archipelago - LIFE IP Azores Natura","description":"The bird of the year was elected, and it is a species exclusive to the Azores archipelago. In an article published in the magazine \"P\u00fablico\" it was","robots":{"index":"index","follow":"follow","max-snippet":"max-snippet:-1","max-image-preview":"max-image-preview:large","max-video-preview":"max-video-preview:-1"},"canonical":"https:\/\/www.lifeazoresnatura.eu\/en\/news\/the-bird-of-the-year-is-exclusive-to-the-azores-archipelago\/","og_locale":"en_US","og_type":"article","og_title":"The Bird of the Year is exclusive to the Azores archipelago - LIFE IP Azores Natura","og_description":"The bird of the year was elected, and it is a species exclusive to the Azores archipelago. In an article published in the magazine \"P\u00fablico\" it was","og_url":"https:\/\/www.lifeazoresnatura.eu\/en\/news\/the-bird-of-the-year-is-exclusive-to-the-azores-archipelago\/","og_site_name":"LIFE IP Azores Natura","article_publisher":"https:\/\/www.facebook.com\/LIFEIPAZORESNATURA","article_modified_time":"2021-02-11T16:59:04+00:00","og_image":[{"width":870,"height":582,"url":"https:\/\/www.lifeazoresnatura.eu\/wp-content\/uploads\/2021\/02\/1.jpg","type":"image\/jpeg"}],"twitter_card":"summary_large_image","twitter_misc":{"Est. reading time":"1 minute"},"schema":{"@context":"https:\/\/schema.org","@graph":[{"@type":"WebPage","@id":"https:\/\/www.lifeazoresnatura.eu\/en\/news\/the-bird-of-the-year-is-exclusive-to-the-azores-archipelago\/","url":"https:\/\/www.lifeazoresnatura.eu\/en\/news\/the-bird-of-the-year-is-exclusive-to-the-azores-archipelago\/","name":"The Bird of the Year is exclusive to the Azores archipelago - LIFE IP Azores Natura","isPartOf":{"@id":"https:\/\/www.lifeazoresnatura.eu\/#website"},"primaryImageOfPage":{"@id":"https:\/\/www.lifeazoresnatura.eu\/en\/news\/the-bird-of-the-year-is-exclusive-to-the-azores-archipelago\/#primaryimage"},"image":{"@id":"https:\/\/www.lifeazoresnatura.eu\/en\/news\/the-bird-of-the-year-is-exclusive-to-the-azores-archipelago\/#primaryimage"},"thumbnailUrl":"https:\/\/www.lifeazoresnatura.eu\/wp-content\/uploads\/2021\/02\/1.jpg","datePublished":"2021-02-11T16:00:44+00:00","dateModified":"2021-02-11T16:59:04+00:00","description":"The bird of the year was elected, and it is a species exclusive to the Azores archipelago. In an article published in the magazine \"P\u00fablico\" it was","breadcrumb":{"@id":"https:\/\/www.lifeazoresnatura.eu\/en\/news\/the-bird-of-the-year-is-exclusive-to-the-azores-archipelago\/#breadcrumb"},"inLanguage":"en-US","potentialAction":[{"@type":"ReadAction","target":["https:\/\/www.lifeazoresnatura.eu\/en\/news\/the-bird-of-the-year-is-exclusive-to-the-azores-archipelago\/"]}]},{"@type":"ImageObject","inLanguage":"en-US","@id":"https:\/\/www.lifeazoresnatura.eu\/en\/news\/the-bird-of-the-year-is-exclusive-to-the-azores-archipelago\/#primaryimage","url":"https:\/\/www.lifeazoresnatura.eu\/wp-content\/uploads\/2021\/02\/1.jpg","contentUrl":"https:\/\/www.lifeazoresnatura.eu\/wp-content\/uploads\/2021\/02\/1.jpg","width":870,"height":582},{"@type":"BreadcrumbList","@id":"https:\/\/www.lifeazoresnatura.eu\/en\/news\/the-bird-of-the-year-is-exclusive-to-the-azores-archipelago\/#breadcrumb","itemListElement":[{"@type":"ListItem","position":1,"name":"In\u00edcio","item":"https:\/\/www.lifeazoresnatura.eu\/en\/"},{"@type":"ListItem","position":2,"name":"Not\u00edcias","item":"https:\/\/www.lifeazoresnatura.eu\/noticias\/"},{"@type":"ListItem","position":3,"name":"The Bird of the Year is exclusive to the Azores archipelago"}]},{"@type":"WebSite","@id":"https:\/\/www.lifeazoresnatura.eu\/#website","url":"https:\/\/www.lifeazoresnatura.eu\/","name":"LIFE IP Azores Natura","description":"Preserva\u00e7\u00e3o da natureza em Horta","publisher":{"@id":"https:\/\/www.lifeazoresnatura.eu\/#organization"},"potentialAction":[{"@type":"SearchAction","target":{"@type":"EntryPoint","urlTemplate":"https:\/\/www.lifeazoresnatura.eu\/?s={search_term_string}"},"query-input":{"@type":"PropertyValueSpecification","valueRequired":true,"valueName":"search_term_string"}}],"inLanguage":"en-US"},{"@type":"Organization","@id":"https:\/\/www.lifeazoresnatura.eu\/#organization","name":"LIFE IP Azores Natura","url":"https:\/\/www.lifeazoresnatura.eu\/","logo":{"@type":"ImageObject","inLanguage":"en-US","@id":"https:\/\/www.lifeazoresnatura.eu\/#\/schema\/logo\/image\/","url":"https:\/\/www.lifeazoresnatura.eu\/wp-content\/uploads\/2019\/07\/logo.png","contentUrl":"https:\/\/www.lifeazoresnatura.eu\/wp-content\/uploads\/2019\/07\/logo.png","width":2100,"height":900,"caption":"LIFE IP Azores Natura"},"image":{"@id":"https:\/\/www.lifeazoresnatura.eu\/#\/schema\/logo\/image\/"},"sameAs":["https:\/\/www.facebook.com\/LIFEIPAZORESNATURA","https:\/\/www.instagram.com\/lifeipazoresnatura\/?hl=pt"]}]}},"_links":{"self":[{"href":"https:\/\/www.lifeazoresnatura.eu\/en\/wp-json\/wp\/v2\/noticias\/4310","targetHints":{"allow":["GET"]}}],"collection":[{"href":"https:\/\/www.lifeazoresnatura.eu\/en\/wp-json\/wp\/v2\/noticias"}],"about":[{"href":"https:\/\/www.lifeazoresnatura.eu\/en\/wp-json\/wp\/v2\/types\/noticias"}],"author":[{"embeddable":true,"href":"https:\/\/www.lifeazoresnatura.eu\/en\/wp-json\/wp\/v2\/users\/6"}],"version-history":[{"count":3,"href":"https:\/\/www.lifeazoresnatura.eu\/en\/wp-json\/wp\/v2\/noticias\/4310\/revisions"}],"predecessor-version":[{"id":4316,"href":"https:\/\/www.lifeazoresnatura.eu\/en\/wp-json\/wp\/v2\/noticias\/4310\/revisions\/4316"}],"wp:featuredmedia":[{"embeddable":true,"href":"https:\/\/www.lifeazoresnatura.eu\/en\/wp-json\/wp\/v2\/media\/4307"}],"wp:attachment":[{"href":"https:\/\/www.lifeazoresnatura.eu\/en\/wp-json\/wp\/v2\/media?parent=4310"}],"curies":[{"name":"wp","href":"https:\/\/api.w.org\/{rel}","templated":true}]}}