{"id":7499,"date":"2023-05-31T13:57:47","date_gmt":"2023-05-31T13:57:47","guid":{"rendered":"https:\/\/www.lifeazoresnatura.eu\/?post_type=noticias&#038;p=7499"},"modified":"2023-05-31T13:57:47","modified_gmt":"2023-05-31T13:57:47","slug":"%f0%9d%97%99%f0%9d%97%b2%f0%9d%98%80%f0%9d%98%81%f0%9d%97%b6%f0%9d%98%83%f0%9d%97%ae%f0%9d%97%b9-%f0%9d%97%bc%f0%9d%97%b3-%f0%9d%97%95%f0%9d%97%b6%f0%9d%97%bc%f0%9d%98%80%f0%9d%97%bd%f0%9d%97%b5","status":"publish","type":"noticias","link":"https:\/\/www.lifeazoresnatura.eu\/en\/news\/%f0%9d%97%99%f0%9d%97%b2%f0%9d%98%80%f0%9d%98%81%f0%9d%97%b6%f0%9d%98%83%f0%9d%97%ae%f0%9d%97%b9-%f0%9d%97%bc%f0%9d%97%b3-%f0%9d%97%95%f0%9d%97%b6%f0%9d%97%bc%f0%9d%98%80%f0%9d%97%bd%f0%9d%97%b5\/","title":{"rendered":"\ud835\uddd9\ud835\uddf2\ud835\ude00\ud835\ude01\ud835\uddf6\ud835\ude03\ud835\uddee\ud835\uddf9 \ud835\uddfc\ud835\uddf3 \ud835\uddd5\ud835\uddf6\ud835\uddfc\ud835\ude00\ud835\uddfd\ud835\uddf5\ud835\uddf2\ud835\uddff\ud835\uddf2 \ud835\udde5\ud835\uddf2\ud835\ude00\ud835\uddf2\ud835\uddff\ud835\ude03\ud835\uddf2\ud835\ude00: \ud835\udde0\ud835\uddee\ud835\uddff\ud835\uddf6\ud835\uddfb\ud835\uddf2 \ud835\uddd4\ud835\uddf0\ud835\ude01\ud835\uddf6\ud835\ude03\ud835\uddf6\ud835\ude01\ud835\uddf6\ud835\uddf2\ud835\ude00 \ud835\uddfc\ud835\uddfb \ud835\uddda\ud835\uddff\ud835\uddee\ud835\uddf0\ud835\uddf6\ud835\uddfc\ud835\ude00\ud835\uddee"},"content":{"rendered":"<p>This year the 1\u02e2\u1d57 edition of the Festival of Portuguese Biosphere Reserves took place, and the Regional Directorate for Maritime Policies (DRPM), within the scope of the LIFE IP AZORES NATURA and Oceanlit projects, in partnership with the Graciosa Environment and Climate Change Service (SAACG) and the Azores Sea Observatory (OMA), promoted three environmental awareness activities.<\/p>\n<p>On 4 May, a coastal cleaning action took place in the Porto Afonso area, with the participation of 14 volunteers from the Guadalupe Parish Council, Santa Cruz da Graciosa City Council and the SAACG. In this action, 160 kg of marine litter were collected and forwarded to the waste processing centre of Graciosa.<\/p>\n<p>On 5 May, in collaboration with OMA, an awareness-raising action directed at fishermen and other interested parties took place to promote the correct separation of waste in fishing boats and the importance of the correct management of waste for the protection of the marine resources of the island of Graciosa. This action counted 9 participants.<\/p>\n<p>On 6 May, in collaboration with the DivinGraciosa diving company, an underwater cleaning action was carried out in the Praia Fishing Port, which included six divers and 15 participants on land, including a group of Scouts from Guadalupe. Around 42 kg of marine litter were collected from the port and sent to the waste processing centre.<\/p>\n<p>It is with great gratification that DRPM and SAACG thank the collaboration of all volunteers and entities involved (DivinGraciosa, Associa\u00e7\u00e3o dos Pescadores Graciosenses, Lota\u00e7or, Santa Cruz da Graciosa City Council and the Maritime Authority), who made themselves available to make our coastline and sea cleaner, thus also contributing to the success of this 1\u02e2\u1d57 edition of the Festival of Portuguese Biosphere Reserves.<\/p>\n<p><a href=\"https:\/\/www.lifeazoresnatura.eu\/en\/news\/%f0%9d%97%99%f0%9d%97%b2%f0%9d%98%80%f0%9d%98%81%f0%9d%97%b6%f0%9d%98%83%f0%9d%97%ae%f0%9d%97%b9-%f0%9d%97%bc%f0%9d%97%b3-%f0%9d%97%95%f0%9d%97%b6%f0%9d%97%bc%f0%9d%98%80%f0%9d%97%bd%f0%9d%97%b5\/foto-6-5-2\/\" rel=\"attachment wp-att-7492\"><img decoding=\"async\" class=\"alignnone size-medium wp-image-7492\" src=\"https:\/\/www.lifeazoresnatura.eu\/wp-content\/uploads\/2023\/05\/Foto-6-5-300x300.jpg\" alt=\"\" width=\"300\" height=\"300\" srcset=\"https:\/\/www.lifeazoresnatura.eu\/wp-content\/uploads\/2023\/05\/Foto-6-5-150x150.jpg 150w, https:\/\/www.lifeazoresnatura.eu\/wp-content\/uploads\/2023\/05\/Foto-6-5-300x300.jpg 300w, https:\/\/www.lifeazoresnatura.eu\/wp-content\/uploads\/2023\/05\/Foto-6-5.jpg 768w\" sizes=\"(max-width: 300px) 100vw, 300px\" \/><\/a> <a href=\"https:\/\/www.lifeazoresnatura.eu\/en\/news\/%f0%9d%97%99%f0%9d%97%b2%f0%9d%98%80%f0%9d%98%81%f0%9d%97%b6%f0%9d%98%83%f0%9d%97%ae%f0%9d%97%b9-%f0%9d%97%bc%f0%9d%97%b3-%f0%9d%97%95%f0%9d%97%b6%f0%9d%97%bc%f0%9d%98%80%f0%9d%97%bd%f0%9d%97%b5\/foto-5-6-2\/\" rel=\"attachment wp-att-7489\"><img decoding=\"async\" class=\"alignnone size-medium wp-image-7489\" src=\"https:\/\/www.lifeazoresnatura.eu\/wp-content\/uploads\/2023\/05\/Foto-5-6-300x300.jpg\" alt=\"\" width=\"300\" height=\"300\" srcset=\"https:\/\/www.lifeazoresnatura.eu\/wp-content\/uploads\/2023\/05\/Foto-5-6-150x150.jpg 150w, https:\/\/www.lifeazoresnatura.eu\/wp-content\/uploads\/2023\/05\/Foto-5-6-300x300.jpg 300w, https:\/\/www.lifeazoresnatura.eu\/wp-content\/uploads\/2023\/05\/Foto-5-6-768x768.jpg 768w, https:\/\/www.lifeazoresnatura.eu\/wp-content\/uploads\/2023\/05\/Foto-5-6-1024x1024.jpg 1024w, https:\/\/www.lifeazoresnatura.eu\/wp-content\/uploads\/2023\/05\/Foto-5-6.jpg 1218w\" sizes=\"(max-width: 300px) 100vw, 300px\" \/><\/a> <a href=\"https:\/\/www.lifeazoresnatura.eu\/en\/news\/%f0%9d%97%99%f0%9d%97%b2%f0%9d%98%80%f0%9d%98%81%f0%9d%97%b6%f0%9d%98%83%f0%9d%97%ae%f0%9d%97%b9-%f0%9d%97%bc%f0%9d%97%b3-%f0%9d%97%95%f0%9d%97%b6%f0%9d%97%bc%f0%9d%98%80%f0%9d%97%bd%f0%9d%97%b5\/foto-4-13-2\/\" rel=\"attachment wp-att-7486\"><img decoding=\"async\" class=\"alignnone size-medium wp-image-7486\" src=\"https:\/\/www.lifeazoresnatura.eu\/wp-content\/uploads\/2023\/05\/Foto-4-13-300x300.jpg\" alt=\"\" width=\"300\" height=\"300\" srcset=\"https:\/\/www.lifeazoresnatura.eu\/wp-content\/uploads\/2023\/05\/Foto-4-13-150x150.jpg 150w, https:\/\/www.lifeazoresnatura.eu\/wp-content\/uploads\/2023\/05\/Foto-4-13-300x300.jpg 300w, https:\/\/www.lifeazoresnatura.eu\/wp-content\/uploads\/2023\/05\/Foto-4-13-768x768.jpg 768w, https:\/\/www.lifeazoresnatura.eu\/wp-content\/uploads\/2023\/05\/Foto-4-13-1024x1024.jpg 1024w\" sizes=\"(max-width: 300px) 100vw, 300px\" \/><\/a> <a href=\"https:\/\/www.lifeazoresnatura.eu\/en\/news\/%f0%9d%97%99%f0%9d%97%b2%f0%9d%98%80%f0%9d%98%81%f0%9d%97%b6%f0%9d%98%83%f0%9d%97%ae%f0%9d%97%b9-%f0%9d%97%bc%f0%9d%97%b3-%f0%9d%97%95%f0%9d%97%b6%f0%9d%97%bc%f0%9d%98%80%f0%9d%97%bd%f0%9d%97%b5\/foto-3-23-2\/\" rel=\"attachment wp-att-7483\"><img decoding=\"async\" class=\"alignnone size-medium wp-image-7483\" src=\"https:\/\/www.lifeazoresnatura.eu\/wp-content\/uploads\/2023\/05\/Foto-3-23-300x300.jpg\" alt=\"\" width=\"300\" height=\"300\" srcset=\"https:\/\/www.lifeazoresnatura.eu\/wp-content\/uploads\/2023\/05\/Foto-3-23-150x150.jpg 150w, https:\/\/www.lifeazoresnatura.eu\/wp-content\/uploads\/2023\/05\/Foto-3-23-300x300.jpg 300w, https:\/\/www.lifeazoresnatura.eu\/wp-content\/uploads\/2023\/05\/Foto-3-23-768x767.jpg 768w, https:\/\/www.lifeazoresnatura.eu\/wp-content\/uploads\/2023\/05\/Foto-3-23-1024x1024.jpg 1024w, https:\/\/www.lifeazoresnatura.eu\/wp-content\/uploads\/2023\/05\/Foto-3-23.jpg 1338w\" sizes=\"(max-width: 300px) 100vw, 300px\" \/><\/a> <a href=\"https:\/\/www.lifeazoresnatura.eu\/en\/news\/%f0%9d%97%99%f0%9d%97%b2%f0%9d%98%80%f0%9d%98%81%f0%9d%97%b6%f0%9d%98%83%f0%9d%97%ae%f0%9d%97%b9-%f0%9d%97%bc%f0%9d%97%b3-%f0%9d%97%95%f0%9d%97%b6%f0%9d%97%bc%f0%9d%98%80%f0%9d%97%bd%f0%9d%97%b5\/foto-2-23-2\/\" rel=\"attachment wp-att-7480\"><img decoding=\"async\" class=\"alignnone size-medium wp-image-7480\" src=\"https:\/\/www.lifeazoresnatura.eu\/wp-content\/uploads\/2023\/05\/Foto-2-23-300x300.jpg\" alt=\"\" width=\"300\" height=\"300\" srcset=\"https:\/\/www.lifeazoresnatura.eu\/wp-content\/uploads\/2023\/05\/Foto-2-23-150x150.jpg 150w, https:\/\/www.lifeazoresnatura.eu\/wp-content\/uploads\/2023\/05\/Foto-2-23-300x300.jpg 300w, https:\/\/www.lifeazoresnatura.eu\/wp-content\/uploads\/2023\/05\/Foto-2-23-768x768.jpg 768w, https:\/\/www.lifeazoresnatura.eu\/wp-content\/uploads\/2023\/05\/Foto-2-23.jpg 1024w\" sizes=\"(max-width: 300px) 100vw, 300px\" \/><\/a><\/p>\n","protected":false},"author":6,"featured_media":7495,"template":"","class_list":["post-7499","noticias","type-noticias","status-publish","has-post-thumbnail","hentry"],"acf":[],"yoast_head":"<!-- This site is optimized with the Yoast SEO plugin v27.3 - https:\/\/yoast.com\/product\/yoast-seo-wordpress\/ -->\n<title>\ud835\uddd9\ud835\uddf2\ud835\ude00\ud835\ude01\ud835\uddf6\ud835\ude03\ud835\uddee\ud835\uddf9 \ud835\uddfc\ud835\uddf3 \ud835\uddd5\ud835\uddf6\ud835\uddfc\ud835\ude00\ud835\uddfd\ud835\uddf5\ud835\uddf2\ud835\uddff\ud835\uddf2 \ud835\udde5\ud835\uddf2\ud835\ude00\ud835\uddf2\ud835\uddff\ud835\ude03\ud835\uddf2\ud835\ude00: \ud835\udde0\ud835\uddee\ud835\uddff\ud835\uddf6\ud835\uddfb\ud835\uddf2 \ud835\uddd4\ud835\uddf0\ud835\ude01\ud835\uddf6\ud835\ude03\ud835\uddf6\ud835\ude01\ud835\uddf6\ud835\uddf2\ud835\ude00 \ud835\uddfc\ud835\uddfb \ud835\uddda\ud835\uddff\ud835\uddee\ud835\uddf0\ud835\uddf6\ud835\uddfc\ud835\ude00\ud835\uddee - LIFE IP Azores Natura<\/title>\n<meta name=\"description\" content=\"This year the 1\u02e2\u1d57 edition of the Festival of Portuguese Biosphere Reserves took place, and the Regional Directorate for Maritime Policies (DRPM), within\" \/>\n<meta name=\"robots\" content=\"index, follow, max-snippet:-1, max-image-preview:large, max-video-preview:-1\" \/>\n<link rel=\"canonical\" href=\"https:\/\/www.lifeazoresnatura.eu\/en\/news\/\ud835\uddd9\ud835\uddf2\ud835\ude00\ud835\ude01\ud835\uddf6\ud835\ude03\ud835\uddee\ud835\uddf9-\ud835\uddfc\ud835\uddf3-\ud835\uddd5\ud835\uddf6\ud835\uddfc\ud835\ude00\ud835\uddfd\ud835\uddf5\/\" \/>\n<meta property=\"og:locale\" content=\"en_US\" \/>\n<meta property=\"og:type\" content=\"article\" \/>\n<meta property=\"og:title\" content=\"\ud835\uddd9\ud835\uddf2\ud835\ude00\ud835\ude01\ud835\uddf6\ud835\ude03\ud835\uddee\ud835\uddf9 \ud835\uddfc\ud835\uddf3 \ud835\uddd5\ud835\uddf6\ud835\uddfc\ud835\ude00\ud835\uddfd\ud835\uddf5\ud835\uddf2\ud835\uddff\ud835\uddf2 \ud835\udde5\ud835\uddf2\ud835\ude00\ud835\uddf2\ud835\uddff\ud835\ude03\ud835\uddf2\ud835\ude00: \ud835\udde0\ud835\uddee\ud835\uddff\ud835\uddf6\ud835\uddfb\ud835\uddf2 \ud835\uddd4\ud835\uddf0\ud835\ude01\ud835\uddf6\ud835\ude03\ud835\uddf6\ud835\ude01\ud835\uddf6\ud835\uddf2\ud835\ude00 \ud835\uddfc\ud835\uddfb \ud835\uddda\ud835\uddff\ud835\uddee\ud835\uddf0\ud835\uddf6\ud835\uddfc\ud835\ude00\ud835\uddee - LIFE IP Azores Natura\" \/>\n<meta property=\"og:description\" content=\"This year the 1\u02e2\u1d57 edition of the Festival of Portuguese Biosphere Reserves took place, and the Regional Directorate for Maritime Policies (DRPM), within\" \/>\n<meta property=\"og:url\" content=\"https:\/\/www.lifeazoresnatura.eu\/en\/news\/\ud835\uddd9\ud835\uddf2\ud835\ude00\ud835\ude01\ud835\uddf6\ud835\ude03\ud835\uddee\ud835\uddf9-\ud835\uddfc\ud835\uddf3-\ud835\uddd5\ud835\uddf6\ud835\uddfc\ud835\ude00\ud835\uddfd\ud835\uddf5\/\" \/>\n<meta property=\"og:site_name\" content=\"LIFE IP Azores Natura\" \/>\n<meta property=\"article:publisher\" content=\"https:\/\/www.facebook.com\/LIFEIPAZORESNATURA\" \/>\n<meta property=\"og:image\" content=\"https:\/\/www.lifeazoresnatura.eu\/wp-content\/uploads\/2023\/05\/Foto-1-23.jpg\" \/>\n\t<meta property=\"og:image:width\" content=\"768\" \/>\n\t<meta property=\"og:image:height\" content=\"768\" \/>\n\t<meta property=\"og:image:type\" content=\"image\/jpeg\" \/>\n<meta name=\"twitter:card\" content=\"summary_large_image\" \/>\n<meta name=\"twitter:label1\" content=\"Est. reading time\" \/>\n\t<meta name=\"twitter:data1\" content=\"1 minute\" \/>\n<script type=\"application\/ld+json\" class=\"yoast-schema-graph\">{\"@context\":\"https:\\\/\\\/schema.org\",\"@graph\":[{\"@type\":\"WebPage\",\"@id\":\"https:\\\/\\\/www.lifeazoresnatura.eu\\\/en\\\/news\\\/%f0%9d%97%99%f0%9d%97%b2%f0%9d%98%80%f0%9d%98%81%f0%9d%97%b6%f0%9d%98%83%f0%9d%97%ae%f0%9d%97%b9-%f0%9d%97%bc%f0%9d%97%b3-%f0%9d%97%95%f0%9d%97%b6%f0%9d%97%bc%f0%9d%98%80%f0%9d%97%bd%f0%9d%97%b5\\\/\",\"url\":\"https:\\\/\\\/www.lifeazoresnatura.eu\\\/en\\\/news\\\/%f0%9d%97%99%f0%9d%97%b2%f0%9d%98%80%f0%9d%98%81%f0%9d%97%b6%f0%9d%98%83%f0%9d%97%ae%f0%9d%97%b9-%f0%9d%97%bc%f0%9d%97%b3-%f0%9d%97%95%f0%9d%97%b6%f0%9d%97%bc%f0%9d%98%80%f0%9d%97%bd%f0%9d%97%b5\\\/\",\"name\":\"\ud835\uddd9\ud835\uddf2\ud835\ude00\ud835\ude01\ud835\uddf6\ud835\ude03\ud835\uddee\ud835\uddf9 \ud835\uddfc\ud835\uddf3 \ud835\uddd5\ud835\uddf6\ud835\uddfc\ud835\ude00\ud835\uddfd\ud835\uddf5\ud835\uddf2\ud835\uddff\ud835\uddf2 \ud835\udde5\ud835\uddf2\ud835\ude00\ud835\uddf2\ud835\uddff\ud835\ude03\ud835\uddf2\ud835\ude00: \ud835\udde0\ud835\uddee\ud835\uddff\ud835\uddf6\ud835\uddfb\ud835\uddf2 \ud835\uddd4\ud835\uddf0\ud835\ude01\ud835\uddf6\ud835\ude03\ud835\uddf6\ud835\ude01\ud835\uddf6\ud835\uddf2\ud835\ude00 \ud835\uddfc\ud835\uddfb \ud835\uddda\ud835\uddff\ud835\uddee\ud835\uddf0\ud835\uddf6\ud835\uddfc\ud835\ude00\ud835\uddee - LIFE IP Azores Natura\",\"isPartOf\":{\"@id\":\"https:\\\/\\\/www.lifeazoresnatura.eu\\\/#website\"},\"primaryImageOfPage\":{\"@id\":\"https:\\\/\\\/www.lifeazoresnatura.eu\\\/en\\\/news\\\/%f0%9d%97%99%f0%9d%97%b2%f0%9d%98%80%f0%9d%98%81%f0%9d%97%b6%f0%9d%98%83%f0%9d%97%ae%f0%9d%97%b9-%f0%9d%97%bc%f0%9d%97%b3-%f0%9d%97%95%f0%9d%97%b6%f0%9d%97%bc%f0%9d%98%80%f0%9d%97%bd%f0%9d%97%b5\\\/#primaryimage\"},\"image\":{\"@id\":\"https:\\\/\\\/www.lifeazoresnatura.eu\\\/en\\\/news\\\/%f0%9d%97%99%f0%9d%97%b2%f0%9d%98%80%f0%9d%98%81%f0%9d%97%b6%f0%9d%98%83%f0%9d%97%ae%f0%9d%97%b9-%f0%9d%97%bc%f0%9d%97%b3-%f0%9d%97%95%f0%9d%97%b6%f0%9d%97%bc%f0%9d%98%80%f0%9d%97%bd%f0%9d%97%b5\\\/#primaryimage\"},\"thumbnailUrl\":\"https:\\\/\\\/www.lifeazoresnatura.eu\\\/wp-content\\\/uploads\\\/2023\\\/05\\\/Foto-1-23.jpg\",\"datePublished\":\"2023-05-31T13:57:47+00:00\",\"description\":\"This year the 1\u02e2\u1d57 edition of the Festival of Portuguese Biosphere Reserves took place, and the Regional Directorate for Maritime Policies (DRPM), within\",\"breadcrumb\":{\"@id\":\"https:\\\/\\\/www.lifeazoresnatura.eu\\\/en\\\/news\\\/%f0%9d%97%99%f0%9d%97%b2%f0%9d%98%80%f0%9d%98%81%f0%9d%97%b6%f0%9d%98%83%f0%9d%97%ae%f0%9d%97%b9-%f0%9d%97%bc%f0%9d%97%b3-%f0%9d%97%95%f0%9d%97%b6%f0%9d%97%bc%f0%9d%98%80%f0%9d%97%bd%f0%9d%97%b5\\\/#breadcrumb\"},\"inLanguage\":\"en-US\",\"potentialAction\":[{\"@type\":\"ReadAction\",\"target\":[\"https:\\\/\\\/www.lifeazoresnatura.eu\\\/en\\\/news\\\/%f0%9d%97%99%f0%9d%97%b2%f0%9d%98%80%f0%9d%98%81%f0%9d%97%b6%f0%9d%98%83%f0%9d%97%ae%f0%9d%97%b9-%f0%9d%97%bc%f0%9d%97%b3-%f0%9d%97%95%f0%9d%97%b6%f0%9d%97%bc%f0%9d%98%80%f0%9d%97%bd%f0%9d%97%b5\\\/\"]}]},{\"@type\":\"ImageObject\",\"inLanguage\":\"en-US\",\"@id\":\"https:\\\/\\\/www.lifeazoresnatura.eu\\\/en\\\/news\\\/%f0%9d%97%99%f0%9d%97%b2%f0%9d%98%80%f0%9d%98%81%f0%9d%97%b6%f0%9d%98%83%f0%9d%97%ae%f0%9d%97%b9-%f0%9d%97%bc%f0%9d%97%b3-%f0%9d%97%95%f0%9d%97%b6%f0%9d%97%bc%f0%9d%98%80%f0%9d%97%bd%f0%9d%97%b5\\\/#primaryimage\",\"url\":\"https:\\\/\\\/www.lifeazoresnatura.eu\\\/wp-content\\\/uploads\\\/2023\\\/05\\\/Foto-1-23.jpg\",\"contentUrl\":\"https:\\\/\\\/www.lifeazoresnatura.eu\\\/wp-content\\\/uploads\\\/2023\\\/05\\\/Foto-1-23.jpg\",\"width\":768,\"height\":768},{\"@type\":\"BreadcrumbList\",\"@id\":\"https:\\\/\\\/www.lifeazoresnatura.eu\\\/en\\\/news\\\/%f0%9d%97%99%f0%9d%97%b2%f0%9d%98%80%f0%9d%98%81%f0%9d%97%b6%f0%9d%98%83%f0%9d%97%ae%f0%9d%97%b9-%f0%9d%97%bc%f0%9d%97%b3-%f0%9d%97%95%f0%9d%97%b6%f0%9d%97%bc%f0%9d%98%80%f0%9d%97%bd%f0%9d%97%b5\\\/#breadcrumb\",\"itemListElement\":[{\"@type\":\"ListItem\",\"position\":1,\"name\":\"In\u00edcio\",\"item\":\"https:\\\/\\\/www.lifeazoresnatura.eu\\\/en\\\/\"},{\"@type\":\"ListItem\",\"position\":2,\"name\":\"Not\u00edcias\",\"item\":\"https:\\\/\\\/www.lifeazoresnatura.eu\\\/noticias\\\/\"},{\"@type\":\"ListItem\",\"position\":3,\"name\":\"\ud835\uddd9\ud835\uddf2\ud835\ude00\ud835\ude01\ud835\uddf6\ud835\ude03\ud835\uddee\ud835\uddf9 \ud835\uddfc\ud835\uddf3 \ud835\uddd5\ud835\uddf6\ud835\uddfc\ud835\ude00\ud835\uddfd\ud835\uddf5\ud835\uddf2\ud835\uddff\ud835\uddf2 \ud835\udde5\ud835\uddf2\ud835\ude00\ud835\uddf2\ud835\uddff\ud835\ude03\ud835\uddf2\ud835\ude00: \ud835\udde0\ud835\uddee\ud835\uddff\ud835\uddf6\ud835\uddfb\ud835\uddf2 \ud835\uddd4\ud835\uddf0\ud835\ude01\ud835\uddf6\ud835\ude03\ud835\uddf6\ud835\ude01\ud835\uddf6\ud835\uddf2\ud835\ude00 \ud835\uddfc\ud835\uddfb \ud835\uddda\ud835\uddff\ud835\uddee\ud835\uddf0\ud835\uddf6\ud835\uddfc\ud835\ude00\ud835\uddee\"}]},{\"@type\":\"WebSite\",\"@id\":\"https:\\\/\\\/www.lifeazoresnatura.eu\\\/#website\",\"url\":\"https:\\\/\\\/www.lifeazoresnatura.eu\\\/\",\"name\":\"LIFE IP Azores Natura\",\"description\":\"Preserva\u00e7\u00e3o da natureza em Horta\",\"publisher\":{\"@id\":\"https:\\\/\\\/www.lifeazoresnatura.eu\\\/#organization\"},\"potentialAction\":[{\"@type\":\"SearchAction\",\"target\":{\"@type\":\"EntryPoint\",\"urlTemplate\":\"https:\\\/\\\/www.lifeazoresnatura.eu\\\/?s={search_term_string}\"},\"query-input\":{\"@type\":\"PropertyValueSpecification\",\"valueRequired\":true,\"valueName\":\"search_term_string\"}}],\"inLanguage\":\"en-US\"},{\"@type\":\"Organization\",\"@id\":\"https:\\\/\\\/www.lifeazoresnatura.eu\\\/#organization\",\"name\":\"LIFE IP Azores Natura\",\"url\":\"https:\\\/\\\/www.lifeazoresnatura.eu\\\/\",\"logo\":{\"@type\":\"ImageObject\",\"inLanguage\":\"en-US\",\"@id\":\"https:\\\/\\\/www.lifeazoresnatura.eu\\\/#\\\/schema\\\/logo\\\/image\\\/\",\"url\":\"https:\\\/\\\/www.lifeazoresnatura.eu\\\/wp-content\\\/uploads\\\/2019\\\/07\\\/logo.png\",\"contentUrl\":\"https:\\\/\\\/www.lifeazoresnatura.eu\\\/wp-content\\\/uploads\\\/2019\\\/07\\\/logo.png\",\"width\":2100,\"height\":900,\"caption\":\"LIFE IP Azores Natura\"},\"image\":{\"@id\":\"https:\\\/\\\/www.lifeazoresnatura.eu\\\/#\\\/schema\\\/logo\\\/image\\\/\"},\"sameAs\":[\"https:\\\/\\\/www.facebook.com\\\/LIFEIPAZORESNATURA\",\"https:\\\/\\\/www.instagram.com\\\/lifeipazoresnatura\\\/?hl=pt\"]}]}<\/script>\n<!-- \/ Yoast SEO plugin. -->","yoast_head_json":{"title":"\ud835\uddd9\ud835\uddf2\ud835\ude00\ud835\ude01\ud835\uddf6\ud835\ude03\ud835\uddee\ud835\uddf9 \ud835\uddfc\ud835\uddf3 \ud835\uddd5\ud835\uddf6\ud835\uddfc\ud835\ude00\ud835\uddfd\ud835\uddf5\ud835\uddf2\ud835\uddff\ud835\uddf2 \ud835\udde5\ud835\uddf2\ud835\ude00\ud835\uddf2\ud835\uddff\ud835\ude03\ud835\uddf2\ud835\ude00: \ud835\udde0\ud835\uddee\ud835\uddff\ud835\uddf6\ud835\uddfb\ud835\uddf2 \ud835\uddd4\ud835\uddf0\ud835\ude01\ud835\uddf6\ud835\ude03\ud835\uddf6\ud835\ude01\ud835\uddf6\ud835\uddf2\ud835\ude00 \ud835\uddfc\ud835\uddfb \ud835\uddda\ud835\uddff\ud835\uddee\ud835\uddf0\ud835\uddf6\ud835\uddfc\ud835\ude00\ud835\uddee - LIFE IP Azores Natura","description":"This year the 1\u02e2\u1d57 edition of the Festival of Portuguese Biosphere Reserves took place, and the Regional Directorate for Maritime Policies (DRPM), within","robots":{"index":"index","follow":"follow","max-snippet":"max-snippet:-1","max-image-preview":"max-image-preview:large","max-video-preview":"max-video-preview:-1"},"canonical":"https:\/\/www.lifeazoresnatura.eu\/en\/news\/\ud835\uddd9\ud835\uddf2\ud835\ude00\ud835\ude01\ud835\uddf6\ud835\ude03\ud835\uddee\ud835\uddf9-\ud835\uddfc\ud835\uddf3-\ud835\uddd5\ud835\uddf6\ud835\uddfc\ud835\ude00\ud835\uddfd\ud835\uddf5\/","og_locale":"en_US","og_type":"article","og_title":"\ud835\uddd9\ud835\uddf2\ud835\ude00\ud835\ude01\ud835\uddf6\ud835\ude03\ud835\uddee\ud835\uddf9 \ud835\uddfc\ud835\uddf3 \ud835\uddd5\ud835\uddf6\ud835\uddfc\ud835\ude00\ud835\uddfd\ud835\uddf5\ud835\uddf2\ud835\uddff\ud835\uddf2 \ud835\udde5\ud835\uddf2\ud835\ude00\ud835\uddf2\ud835\uddff\ud835\ude03\ud835\uddf2\ud835\ude00: \ud835\udde0\ud835\uddee\ud835\uddff\ud835\uddf6\ud835\uddfb\ud835\uddf2 \ud835\uddd4\ud835\uddf0\ud835\ude01\ud835\uddf6\ud835\ude03\ud835\uddf6\ud835\ude01\ud835\uddf6\ud835\uddf2\ud835\ude00 \ud835\uddfc\ud835\uddfb \ud835\uddda\ud835\uddff\ud835\uddee\ud835\uddf0\ud835\uddf6\ud835\uddfc\ud835\ude00\ud835\uddee - LIFE IP Azores Natura","og_description":"This year the 1\u02e2\u1d57 edition of the Festival of Portuguese Biosphere Reserves took place, and the Regional Directorate for Maritime Policies (DRPM), within","og_url":"https:\/\/www.lifeazoresnatura.eu\/en\/news\/\ud835\uddd9\ud835\uddf2\ud835\ude00\ud835\ude01\ud835\uddf6\ud835\ude03\ud835\uddee\ud835\uddf9-\ud835\uddfc\ud835\uddf3-\ud835\uddd5\ud835\uddf6\ud835\uddfc\ud835\ude00\ud835\uddfd\ud835\uddf5\/","og_site_name":"LIFE IP Azores Natura","article_publisher":"https:\/\/www.facebook.com\/LIFEIPAZORESNATURA","og_image":[{"width":768,"height":768,"url":"https:\/\/www.lifeazoresnatura.eu\/wp-content\/uploads\/2023\/05\/Foto-1-23.jpg","type":"image\/jpeg"}],"twitter_card":"summary_large_image","twitter_misc":{"Est. reading time":"1 minute"},"schema":{"@context":"https:\/\/schema.org","@graph":[{"@type":"WebPage","@id":"https:\/\/www.lifeazoresnatura.eu\/en\/news\/%f0%9d%97%99%f0%9d%97%b2%f0%9d%98%80%f0%9d%98%81%f0%9d%97%b6%f0%9d%98%83%f0%9d%97%ae%f0%9d%97%b9-%f0%9d%97%bc%f0%9d%97%b3-%f0%9d%97%95%f0%9d%97%b6%f0%9d%97%bc%f0%9d%98%80%f0%9d%97%bd%f0%9d%97%b5\/","url":"https:\/\/www.lifeazoresnatura.eu\/en\/news\/%f0%9d%97%99%f0%9d%97%b2%f0%9d%98%80%f0%9d%98%81%f0%9d%97%b6%f0%9d%98%83%f0%9d%97%ae%f0%9d%97%b9-%f0%9d%97%bc%f0%9d%97%b3-%f0%9d%97%95%f0%9d%97%b6%f0%9d%97%bc%f0%9d%98%80%f0%9d%97%bd%f0%9d%97%b5\/","name":"\ud835\uddd9\ud835\uddf2\ud835\ude00\ud835\ude01\ud835\uddf6\ud835\ude03\ud835\uddee\ud835\uddf9 \ud835\uddfc\ud835\uddf3 \ud835\uddd5\ud835\uddf6\ud835\uddfc\ud835\ude00\ud835\uddfd\ud835\uddf5\ud835\uddf2\ud835\uddff\ud835\uddf2 \ud835\udde5\ud835\uddf2\ud835\ude00\ud835\uddf2\ud835\uddff\ud835\ude03\ud835\uddf2\ud835\ude00: \ud835\udde0\ud835\uddee\ud835\uddff\ud835\uddf6\ud835\uddfb\ud835\uddf2 \ud835\uddd4\ud835\uddf0\ud835\ude01\ud835\uddf6\ud835\ude03\ud835\uddf6\ud835\ude01\ud835\uddf6\ud835\uddf2\ud835\ude00 \ud835\uddfc\ud835\uddfb \ud835\uddda\ud835\uddff\ud835\uddee\ud835\uddf0\ud835\uddf6\ud835\uddfc\ud835\ude00\ud835\uddee - LIFE IP Azores Natura","isPartOf":{"@id":"https:\/\/www.lifeazoresnatura.eu\/#website"},"primaryImageOfPage":{"@id":"https:\/\/www.lifeazoresnatura.eu\/en\/news\/%f0%9d%97%99%f0%9d%97%b2%f0%9d%98%80%f0%9d%98%81%f0%9d%97%b6%f0%9d%98%83%f0%9d%97%ae%f0%9d%97%b9-%f0%9d%97%bc%f0%9d%97%b3-%f0%9d%97%95%f0%9d%97%b6%f0%9d%97%bc%f0%9d%98%80%f0%9d%97%bd%f0%9d%97%b5\/#primaryimage"},"image":{"@id":"https:\/\/www.lifeazoresnatura.eu\/en\/news\/%f0%9d%97%99%f0%9d%97%b2%f0%9d%98%80%f0%9d%98%81%f0%9d%97%b6%f0%9d%98%83%f0%9d%97%ae%f0%9d%97%b9-%f0%9d%97%bc%f0%9d%97%b3-%f0%9d%97%95%f0%9d%97%b6%f0%9d%97%bc%f0%9d%98%80%f0%9d%97%bd%f0%9d%97%b5\/#primaryimage"},"thumbnailUrl":"https:\/\/www.lifeazoresnatura.eu\/wp-content\/uploads\/2023\/05\/Foto-1-23.jpg","datePublished":"2023-05-31T13:57:47+00:00","description":"This year the 1\u02e2\u1d57 edition of the Festival of Portuguese Biosphere Reserves took place, and the Regional Directorate for Maritime Policies (DRPM), within","breadcrumb":{"@id":"https:\/\/www.lifeazoresnatura.eu\/en\/news\/%f0%9d%97%99%f0%9d%97%b2%f0%9d%98%80%f0%9d%98%81%f0%9d%97%b6%f0%9d%98%83%f0%9d%97%ae%f0%9d%97%b9-%f0%9d%97%bc%f0%9d%97%b3-%f0%9d%97%95%f0%9d%97%b6%f0%9d%97%bc%f0%9d%98%80%f0%9d%97%bd%f0%9d%97%b5\/#breadcrumb"},"inLanguage":"en-US","potentialAction":[{"@type":"ReadAction","target":["https:\/\/www.lifeazoresnatura.eu\/en\/news\/%f0%9d%97%99%f0%9d%97%b2%f0%9d%98%80%f0%9d%98%81%f0%9d%97%b6%f0%9d%98%83%f0%9d%97%ae%f0%9d%97%b9-%f0%9d%97%bc%f0%9d%97%b3-%f0%9d%97%95%f0%9d%97%b6%f0%9d%97%bc%f0%9d%98%80%f0%9d%97%bd%f0%9d%97%b5\/"]}]},{"@type":"ImageObject","inLanguage":"en-US","@id":"https:\/\/www.lifeazoresnatura.eu\/en\/news\/%f0%9d%97%99%f0%9d%97%b2%f0%9d%98%80%f0%9d%98%81%f0%9d%97%b6%f0%9d%98%83%f0%9d%97%ae%f0%9d%97%b9-%f0%9d%97%bc%f0%9d%97%b3-%f0%9d%97%95%f0%9d%97%b6%f0%9d%97%bc%f0%9d%98%80%f0%9d%97%bd%f0%9d%97%b5\/#primaryimage","url":"https:\/\/www.lifeazoresnatura.eu\/wp-content\/uploads\/2023\/05\/Foto-1-23.jpg","contentUrl":"https:\/\/www.lifeazoresnatura.eu\/wp-content\/uploads\/2023\/05\/Foto-1-23.jpg","width":768,"height":768},{"@type":"BreadcrumbList","@id":"https:\/\/www.lifeazoresnatura.eu\/en\/news\/%f0%9d%97%99%f0%9d%97%b2%f0%9d%98%80%f0%9d%98%81%f0%9d%97%b6%f0%9d%98%83%f0%9d%97%ae%f0%9d%97%b9-%f0%9d%97%bc%f0%9d%97%b3-%f0%9d%97%95%f0%9d%97%b6%f0%9d%97%bc%f0%9d%98%80%f0%9d%97%bd%f0%9d%97%b5\/#breadcrumb","itemListElement":[{"@type":"ListItem","position":1,"name":"In\u00edcio","item":"https:\/\/www.lifeazoresnatura.eu\/en\/"},{"@type":"ListItem","position":2,"name":"Not\u00edcias","item":"https:\/\/www.lifeazoresnatura.eu\/noticias\/"},{"@type":"ListItem","position":3,"name":"\ud835\uddd9\ud835\uddf2\ud835\ude00\ud835\ude01\ud835\uddf6\ud835\ude03\ud835\uddee\ud835\uddf9 \ud835\uddfc\ud835\uddf3 \ud835\uddd5\ud835\uddf6\ud835\uddfc\ud835\ude00\ud835\uddfd\ud835\uddf5\ud835\uddf2\ud835\uddff\ud835\uddf2 \ud835\udde5\ud835\uddf2\ud835\ude00\ud835\uddf2\ud835\uddff\ud835\ude03\ud835\uddf2\ud835\ude00: \ud835\udde0\ud835\uddee\ud835\uddff\ud835\uddf6\ud835\uddfb\ud835\uddf2 \ud835\uddd4\ud835\uddf0\ud835\ude01\ud835\uddf6\ud835\ude03\ud835\uddf6\ud835\ude01\ud835\uddf6\ud835\uddf2\ud835\ude00 \ud835\uddfc\ud835\uddfb \ud835\uddda\ud835\uddff\ud835\uddee\ud835\uddf0\ud835\uddf6\ud835\uddfc\ud835\ude00\ud835\uddee"}]},{"@type":"WebSite","@id":"https:\/\/www.lifeazoresnatura.eu\/#website","url":"https:\/\/www.lifeazoresnatura.eu\/","name":"LIFE IP Azores Natura","description":"Preserva\u00e7\u00e3o da natureza em Horta","publisher":{"@id":"https:\/\/www.lifeazoresnatura.eu\/#organization"},"potentialAction":[{"@type":"SearchAction","target":{"@type":"EntryPoint","urlTemplate":"https:\/\/www.lifeazoresnatura.eu\/?s={search_term_string}"},"query-input":{"@type":"PropertyValueSpecification","valueRequired":true,"valueName":"search_term_string"}}],"inLanguage":"en-US"},{"@type":"Organization","@id":"https:\/\/www.lifeazoresnatura.eu\/#organization","name":"LIFE IP Azores Natura","url":"https:\/\/www.lifeazoresnatura.eu\/","logo":{"@type":"ImageObject","inLanguage":"en-US","@id":"https:\/\/www.lifeazoresnatura.eu\/#\/schema\/logo\/image\/","url":"https:\/\/www.lifeazoresnatura.eu\/wp-content\/uploads\/2019\/07\/logo.png","contentUrl":"https:\/\/www.lifeazoresnatura.eu\/wp-content\/uploads\/2019\/07\/logo.png","width":2100,"height":900,"caption":"LIFE IP Azores Natura"},"image":{"@id":"https:\/\/www.lifeazoresnatura.eu\/#\/schema\/logo\/image\/"},"sameAs":["https:\/\/www.facebook.com\/LIFEIPAZORESNATURA","https:\/\/www.instagram.com\/lifeipazoresnatura\/?hl=pt"]}]}},"_links":{"self":[{"href":"https:\/\/www.lifeazoresnatura.eu\/en\/wp-json\/wp\/v2\/noticias\/7499","targetHints":{"allow":["GET"]}}],"collection":[{"href":"https:\/\/www.lifeazoresnatura.eu\/en\/wp-json\/wp\/v2\/noticias"}],"about":[{"href":"https:\/\/www.lifeazoresnatura.eu\/en\/wp-json\/wp\/v2\/types\/noticias"}],"author":[{"embeddable":true,"href":"https:\/\/www.lifeazoresnatura.eu\/en\/wp-json\/wp\/v2\/users\/6"}],"version-history":[{"count":2,"href":"https:\/\/www.lifeazoresnatura.eu\/en\/wp-json\/wp\/v2\/noticias\/7499\/revisions"}],"predecessor-version":[{"id":7501,"href":"https:\/\/www.lifeazoresnatura.eu\/en\/wp-json\/wp\/v2\/noticias\/7499\/revisions\/7501"}],"wp:featuredmedia":[{"embeddable":true,"href":"https:\/\/www.lifeazoresnatura.eu\/en\/wp-json\/wp\/v2\/media\/7495"}],"wp:attachment":[{"href":"https:\/\/www.lifeazoresnatura.eu\/en\/wp-json\/wp\/v2\/media?parent=7499"}],"curies":[{"name":"wp","href":"https:\/\/api.w.org\/{rel}","templated":true}]}}