{"id":7745,"date":"2023-07-04T15:11:07","date_gmt":"2023-07-04T15:11:07","guid":{"rendered":"https:\/\/www.lifeazoresnatura.eu\/?post_type=noticias&#038;p=7745"},"modified":"2023-07-04T15:11:08","modified_gmt":"2023-07-04T15:11:08","slug":"life-ip-azores-natura-participates-in-eco-encounters-in-faial","status":"publish","type":"noticias","link":"https:\/\/www.lifeazoresnatura.eu\/en\/news\/life-ip-azores-natura-participates-in-eco-encounters-in-faial\/","title":{"rendered":"LIFE IP AZORES NATURA participates in Eco-Encounters in Faial"},"content":{"rendered":"<p>Between June 15 and 16, took place the Eco-Encounters at the Elementary School Ant\u00f3nio Jos\u00e9 \u00c1vila, in which several projects and entities were present and several activities related to environmental issues were carried out.<\/p>\n<p>The Regional Secretariat for the Environment and Climate Change, through LIFE IP AZORES NATURA, was also present, promoting 4 sessions of the game &#8220;Dobble Invasoras&#8221; with 5th and 6th grade children, involving about 70 students and teachers during the two days.<\/p>\n<p>&#8220;Dobble Invasoras&#8221; is a fun card game, designed for primary and secondary school students, having been presented on Corvo Island by the President of the Regional Government of the Azores, which addresses the issues of exotic and invasive species, ways of propagation and respective control methods, in a fun and dynamic way.<\/p>\n<p><a href=\"https:\/\/www.lifeazoresnatura.eu\/en\/news\/life-ip-azores-natura-participates-in-eco-encounters-in-faial\/dsc_8927b-2\/\" rel=\"attachment wp-att-7741\"><img decoding=\"async\" class=\"alignnone size-medium wp-image-7741\" src=\"https:\/\/www.lifeazoresnatura.eu\/wp-content\/uploads\/2023\/07\/DSC_8927b-300x300.jpg\" alt=\"\" width=\"300\" height=\"300\" srcset=\"https:\/\/www.lifeazoresnatura.eu\/wp-content\/uploads\/2023\/07\/DSC_8927b-150x150.jpg 150w, https:\/\/www.lifeazoresnatura.eu\/wp-content\/uploads\/2023\/07\/DSC_8927b-300x300.jpg 300w, https:\/\/www.lifeazoresnatura.eu\/wp-content\/uploads\/2023\/07\/DSC_8927b-768x768.jpg 768w, https:\/\/www.lifeazoresnatura.eu\/wp-content\/uploads\/2023\/07\/DSC_8927b-1024x1024.jpg 1024w\" sizes=\"(max-width: 300px) 100vw, 300px\" \/><\/a> <a href=\"https:\/\/www.lifeazoresnatura.eu\/en\/news\/life-ip-azores-natura-participates-in-eco-encounters-in-faial\/dsc_8943b-2\/\" rel=\"attachment wp-att-7738\"><img decoding=\"async\" class=\"alignnone size-medium wp-image-7738\" src=\"https:\/\/www.lifeazoresnatura.eu\/wp-content\/uploads\/2023\/07\/DSC_8943b-300x300.jpg\" alt=\"\" width=\"300\" height=\"300\" srcset=\"https:\/\/www.lifeazoresnatura.eu\/wp-content\/uploads\/2023\/07\/DSC_8943b-150x150.jpg 150w, https:\/\/www.lifeazoresnatura.eu\/wp-content\/uploads\/2023\/07\/DSC_8943b-300x300.jpg 300w, https:\/\/www.lifeazoresnatura.eu\/wp-content\/uploads\/2023\/07\/DSC_8943b-768x768.jpg 768w, https:\/\/www.lifeazoresnatura.eu\/wp-content\/uploads\/2023\/07\/DSC_8943b-1024x1024.jpg 1024w\" sizes=\"(max-width: 300px) 100vw, 300px\" \/><\/a> <a href=\"https:\/\/www.lifeazoresnatura.eu\/en\/news\/life-ip-azores-natura-participates-in-eco-encounters-in-faial\/dsc_8939b-2\/\" rel=\"attachment wp-att-7735\"><img decoding=\"async\" class=\"alignnone size-medium wp-image-7735\" src=\"https:\/\/www.lifeazoresnatura.eu\/wp-content\/uploads\/2023\/07\/DSC_8939b-300x300.jpg\" alt=\"\" width=\"300\" height=\"300\" srcset=\"https:\/\/www.lifeazoresnatura.eu\/wp-content\/uploads\/2023\/07\/DSC_8939b-150x150.jpg 150w, https:\/\/www.lifeazoresnatura.eu\/wp-content\/uploads\/2023\/07\/DSC_8939b-300x300.jpg 300w, https:\/\/www.lifeazoresnatura.eu\/wp-content\/uploads\/2023\/07\/DSC_8939b-768x768.jpg 768w, https:\/\/www.lifeazoresnatura.eu\/wp-content\/uploads\/2023\/07\/DSC_8939b-1024x1024.jpg 1024w\" sizes=\"(max-width: 300px) 100vw, 300px\" \/><\/a> <a href=\"https:\/\/www.lifeazoresnatura.eu\/en\/news\/life-ip-azores-natura-participates-in-eco-encounters-in-faial\/dsc_8932b-2\/\" rel=\"attachment wp-att-7732\"><img decoding=\"async\" class=\"alignnone size-medium wp-image-7732\" src=\"https:\/\/www.lifeazoresnatura.eu\/wp-content\/uploads\/2023\/07\/DSC_8932b-300x300.jpg\" alt=\"\" width=\"300\" height=\"300\" srcset=\"https:\/\/www.lifeazoresnatura.eu\/wp-content\/uploads\/2023\/07\/DSC_8932b-150x150.jpg 150w, https:\/\/www.lifeazoresnatura.eu\/wp-content\/uploads\/2023\/07\/DSC_8932b-300x300.jpg 300w, https:\/\/www.lifeazoresnatura.eu\/wp-content\/uploads\/2023\/07\/DSC_8932b-768x768.jpg 768w, https:\/\/www.lifeazoresnatura.eu\/wp-content\/uploads\/2023\/07\/DSC_8932b-1024x1024.jpg 1024w\" sizes=\"(max-width: 300px) 100vw, 300px\" \/><\/a> <a href=\"https:\/\/www.lifeazoresnatura.eu\/en\/news\/life-ip-azores-natura-participates-in-eco-encounters-in-faial\/dsc_8930b-2\/\" rel=\"attachment wp-att-7729\"><img decoding=\"async\" class=\"alignnone size-medium wp-image-7729\" src=\"https:\/\/www.lifeazoresnatura.eu\/wp-content\/uploads\/2023\/07\/DSC_8930b-300x300.jpg\" alt=\"\" width=\"300\" height=\"300\" srcset=\"https:\/\/www.lifeazoresnatura.eu\/wp-content\/uploads\/2023\/07\/DSC_8930b-150x150.jpg 150w, https:\/\/www.lifeazoresnatura.eu\/wp-content\/uploads\/2023\/07\/DSC_8930b-300x300.jpg 300w, https:\/\/www.lifeazoresnatura.eu\/wp-content\/uploads\/2023\/07\/DSC_8930b-768x768.jpg 768w, https:\/\/www.lifeazoresnatura.eu\/wp-content\/uploads\/2023\/07\/DSC_8930b-1024x1024.jpg 1024w\" sizes=\"(max-width: 300px) 100vw, 300px\" \/><\/a><\/p>\n","protected":false},"author":6,"featured_media":7726,"template":"","class_list":["post-7745","noticias","type-noticias","status-publish","has-post-thumbnail","hentry"],"acf":[],"yoast_head":"<!-- This site is optimized with the Yoast SEO plugin v27.3 - https:\/\/yoast.com\/product\/yoast-seo-wordpress\/ -->\n<title>LIFE IP AZORES NATURA participates in Eco-Encounters in Faial - LIFE IP Azores Natura<\/title>\n<meta name=\"description\" content=\"Between June 15 and 16, took place the Eco-Encounters at the Elementary School Ant\u00f3nio Jos\u00e9 \u00c1vila, in which several projects and entities were present and\" \/>\n<meta name=\"robots\" content=\"index, follow, max-snippet:-1, max-image-preview:large, max-video-preview:-1\" \/>\n<link rel=\"canonical\" href=\"https:\/\/www.lifeazoresnatura.eu\/en\/news\/life-ip-azores-natura-participates-in-eco-encounters-in-faial\/\" \/>\n<meta property=\"og:locale\" content=\"en_US\" \/>\n<meta property=\"og:type\" content=\"article\" \/>\n<meta property=\"og:title\" content=\"LIFE IP AZORES NATURA participates in Eco-Encounters in Faial - LIFE IP Azores Natura\" \/>\n<meta property=\"og:description\" content=\"Between June 15 and 16, took place the Eco-Encounters at the Elementary School Ant\u00f3nio Jos\u00e9 \u00c1vila, in which several projects and entities were present and\" \/>\n<meta property=\"og:url\" content=\"https:\/\/www.lifeazoresnatura.eu\/en\/news\/life-ip-azores-natura-participates-in-eco-encounters-in-faial\/\" \/>\n<meta property=\"og:site_name\" content=\"LIFE IP Azores Natura\" \/>\n<meta property=\"article:publisher\" content=\"https:\/\/www.facebook.com\/LIFEIPAZORESNATURA\" \/>\n<meta property=\"article:modified_time\" content=\"2023-07-04T15:11:08+00:00\" \/>\n<meta property=\"og:image\" content=\"https:\/\/www.lifeazoresnatura.eu\/wp-content\/uploads\/2023\/07\/DSC_8917b-1024x1024.jpg\" \/>\n\t<meta property=\"og:image:width\" content=\"1024\" \/>\n\t<meta property=\"og:image:height\" content=\"1024\" \/>\n\t<meta property=\"og:image:type\" content=\"image\/jpeg\" \/>\n<meta name=\"twitter:card\" content=\"summary_large_image\" \/>\n<meta name=\"twitter:label1\" content=\"Est. reading time\" \/>\n\t<meta name=\"twitter:data1\" content=\"1 minute\" \/>\n<script type=\"application\/ld+json\" class=\"yoast-schema-graph\">{\"@context\":\"https:\\\/\\\/schema.org\",\"@graph\":[{\"@type\":\"WebPage\",\"@id\":\"https:\\\/\\\/www.lifeazoresnatura.eu\\\/en\\\/news\\\/life-ip-azores-natura-participates-in-eco-encounters-in-faial\\\/\",\"url\":\"https:\\\/\\\/www.lifeazoresnatura.eu\\\/en\\\/news\\\/life-ip-azores-natura-participates-in-eco-encounters-in-faial\\\/\",\"name\":\"LIFE IP AZORES NATURA participates in Eco-Encounters in Faial - LIFE IP Azores Natura\",\"isPartOf\":{\"@id\":\"https:\\\/\\\/www.lifeazoresnatura.eu\\\/#website\"},\"primaryImageOfPage\":{\"@id\":\"https:\\\/\\\/www.lifeazoresnatura.eu\\\/en\\\/news\\\/life-ip-azores-natura-participates-in-eco-encounters-in-faial\\\/#primaryimage\"},\"image\":{\"@id\":\"https:\\\/\\\/www.lifeazoresnatura.eu\\\/en\\\/news\\\/life-ip-azores-natura-participates-in-eco-encounters-in-faial\\\/#primaryimage\"},\"thumbnailUrl\":\"https:\\\/\\\/www.lifeazoresnatura.eu\\\/wp-content\\\/uploads\\\/2023\\\/07\\\/DSC_8917b-scaled.jpg\",\"datePublished\":\"2023-07-04T15:11:07+00:00\",\"dateModified\":\"2023-07-04T15:11:08+00:00\",\"description\":\"Between June 15 and 16, took place the Eco-Encounters at the Elementary School Ant\u00f3nio Jos\u00e9 \u00c1vila, in which several projects and entities were present and\",\"breadcrumb\":{\"@id\":\"https:\\\/\\\/www.lifeazoresnatura.eu\\\/en\\\/news\\\/life-ip-azores-natura-participates-in-eco-encounters-in-faial\\\/#breadcrumb\"},\"inLanguage\":\"en-US\",\"potentialAction\":[{\"@type\":\"ReadAction\",\"target\":[\"https:\\\/\\\/www.lifeazoresnatura.eu\\\/en\\\/news\\\/life-ip-azores-natura-participates-in-eco-encounters-in-faial\\\/\"]}]},{\"@type\":\"ImageObject\",\"inLanguage\":\"en-US\",\"@id\":\"https:\\\/\\\/www.lifeazoresnatura.eu\\\/en\\\/news\\\/life-ip-azores-natura-participates-in-eco-encounters-in-faial\\\/#primaryimage\",\"url\":\"https:\\\/\\\/www.lifeazoresnatura.eu\\\/wp-content\\\/uploads\\\/2023\\\/07\\\/DSC_8917b-scaled.jpg\",\"contentUrl\":\"https:\\\/\\\/www.lifeazoresnatura.eu\\\/wp-content\\\/uploads\\\/2023\\\/07\\\/DSC_8917b-scaled.jpg\",\"width\":4912,\"height\":4912},{\"@type\":\"BreadcrumbList\",\"@id\":\"https:\\\/\\\/www.lifeazoresnatura.eu\\\/en\\\/news\\\/life-ip-azores-natura-participates-in-eco-encounters-in-faial\\\/#breadcrumb\",\"itemListElement\":[{\"@type\":\"ListItem\",\"position\":1,\"name\":\"In\u00edcio\",\"item\":\"https:\\\/\\\/www.lifeazoresnatura.eu\\\/en\\\/\"},{\"@type\":\"ListItem\",\"position\":2,\"name\":\"Not\u00edcias\",\"item\":\"https:\\\/\\\/www.lifeazoresnatura.eu\\\/noticias\\\/\"},{\"@type\":\"ListItem\",\"position\":3,\"name\":\"LIFE IP AZORES NATURA participates in Eco-Encounters in Faial\"}]},{\"@type\":\"WebSite\",\"@id\":\"https:\\\/\\\/www.lifeazoresnatura.eu\\\/#website\",\"url\":\"https:\\\/\\\/www.lifeazoresnatura.eu\\\/\",\"name\":\"LIFE IP Azores Natura\",\"description\":\"Preserva\u00e7\u00e3o da natureza em Horta\",\"publisher\":{\"@id\":\"https:\\\/\\\/www.lifeazoresnatura.eu\\\/#organization\"},\"potentialAction\":[{\"@type\":\"SearchAction\",\"target\":{\"@type\":\"EntryPoint\",\"urlTemplate\":\"https:\\\/\\\/www.lifeazoresnatura.eu\\\/?s={search_term_string}\"},\"query-input\":{\"@type\":\"PropertyValueSpecification\",\"valueRequired\":true,\"valueName\":\"search_term_string\"}}],\"inLanguage\":\"en-US\"},{\"@type\":\"Organization\",\"@id\":\"https:\\\/\\\/www.lifeazoresnatura.eu\\\/#organization\",\"name\":\"LIFE IP Azores Natura\",\"url\":\"https:\\\/\\\/www.lifeazoresnatura.eu\\\/\",\"logo\":{\"@type\":\"ImageObject\",\"inLanguage\":\"en-US\",\"@id\":\"https:\\\/\\\/www.lifeazoresnatura.eu\\\/#\\\/schema\\\/logo\\\/image\\\/\",\"url\":\"https:\\\/\\\/www.lifeazoresnatura.eu\\\/wp-content\\\/uploads\\\/2019\\\/07\\\/logo.png\",\"contentUrl\":\"https:\\\/\\\/www.lifeazoresnatura.eu\\\/wp-content\\\/uploads\\\/2019\\\/07\\\/logo.png\",\"width\":2100,\"height\":900,\"caption\":\"LIFE IP Azores Natura\"},\"image\":{\"@id\":\"https:\\\/\\\/www.lifeazoresnatura.eu\\\/#\\\/schema\\\/logo\\\/image\\\/\"},\"sameAs\":[\"https:\\\/\\\/www.facebook.com\\\/LIFEIPAZORESNATURA\",\"https:\\\/\\\/www.instagram.com\\\/lifeipazoresnatura\\\/?hl=pt\"]}]}<\/script>\n<!-- \/ Yoast SEO plugin. -->","yoast_head_json":{"title":"LIFE IP AZORES NATURA participates in Eco-Encounters in Faial - LIFE IP Azores Natura","description":"Between June 15 and 16, took place the Eco-Encounters at the Elementary School Ant\u00f3nio Jos\u00e9 \u00c1vila, in which several projects and entities were present and","robots":{"index":"index","follow":"follow","max-snippet":"max-snippet:-1","max-image-preview":"max-image-preview:large","max-video-preview":"max-video-preview:-1"},"canonical":"https:\/\/www.lifeazoresnatura.eu\/en\/news\/life-ip-azores-natura-participates-in-eco-encounters-in-faial\/","og_locale":"en_US","og_type":"article","og_title":"LIFE IP AZORES NATURA participates in Eco-Encounters in Faial - LIFE IP Azores Natura","og_description":"Between June 15 and 16, took place the Eco-Encounters at the Elementary School Ant\u00f3nio Jos\u00e9 \u00c1vila, in which several projects and entities were present and","og_url":"https:\/\/www.lifeazoresnatura.eu\/en\/news\/life-ip-azores-natura-participates-in-eco-encounters-in-faial\/","og_site_name":"LIFE IP Azores Natura","article_publisher":"https:\/\/www.facebook.com\/LIFEIPAZORESNATURA","article_modified_time":"2023-07-04T15:11:08+00:00","og_image":[{"width":1024,"height":1024,"url":"https:\/\/www.lifeazoresnatura.eu\/wp-content\/uploads\/2023\/07\/DSC_8917b-1024x1024.jpg","type":"image\/jpeg"}],"twitter_card":"summary_large_image","twitter_misc":{"Est. reading time":"1 minute"},"schema":{"@context":"https:\/\/schema.org","@graph":[{"@type":"WebPage","@id":"https:\/\/www.lifeazoresnatura.eu\/en\/news\/life-ip-azores-natura-participates-in-eco-encounters-in-faial\/","url":"https:\/\/www.lifeazoresnatura.eu\/en\/news\/life-ip-azores-natura-participates-in-eco-encounters-in-faial\/","name":"LIFE IP AZORES NATURA participates in Eco-Encounters in Faial - LIFE IP Azores Natura","isPartOf":{"@id":"https:\/\/www.lifeazoresnatura.eu\/#website"},"primaryImageOfPage":{"@id":"https:\/\/www.lifeazoresnatura.eu\/en\/news\/life-ip-azores-natura-participates-in-eco-encounters-in-faial\/#primaryimage"},"image":{"@id":"https:\/\/www.lifeazoresnatura.eu\/en\/news\/life-ip-azores-natura-participates-in-eco-encounters-in-faial\/#primaryimage"},"thumbnailUrl":"https:\/\/www.lifeazoresnatura.eu\/wp-content\/uploads\/2023\/07\/DSC_8917b-scaled.jpg","datePublished":"2023-07-04T15:11:07+00:00","dateModified":"2023-07-04T15:11:08+00:00","description":"Between June 15 and 16, took place the Eco-Encounters at the Elementary School Ant\u00f3nio Jos\u00e9 \u00c1vila, in which several projects and entities were present and","breadcrumb":{"@id":"https:\/\/www.lifeazoresnatura.eu\/en\/news\/life-ip-azores-natura-participates-in-eco-encounters-in-faial\/#breadcrumb"},"inLanguage":"en-US","potentialAction":[{"@type":"ReadAction","target":["https:\/\/www.lifeazoresnatura.eu\/en\/news\/life-ip-azores-natura-participates-in-eco-encounters-in-faial\/"]}]},{"@type":"ImageObject","inLanguage":"en-US","@id":"https:\/\/www.lifeazoresnatura.eu\/en\/news\/life-ip-azores-natura-participates-in-eco-encounters-in-faial\/#primaryimage","url":"https:\/\/www.lifeazoresnatura.eu\/wp-content\/uploads\/2023\/07\/DSC_8917b-scaled.jpg","contentUrl":"https:\/\/www.lifeazoresnatura.eu\/wp-content\/uploads\/2023\/07\/DSC_8917b-scaled.jpg","width":4912,"height":4912},{"@type":"BreadcrumbList","@id":"https:\/\/www.lifeazoresnatura.eu\/en\/news\/life-ip-azores-natura-participates-in-eco-encounters-in-faial\/#breadcrumb","itemListElement":[{"@type":"ListItem","position":1,"name":"In\u00edcio","item":"https:\/\/www.lifeazoresnatura.eu\/en\/"},{"@type":"ListItem","position":2,"name":"Not\u00edcias","item":"https:\/\/www.lifeazoresnatura.eu\/noticias\/"},{"@type":"ListItem","position":3,"name":"LIFE IP AZORES NATURA participates in Eco-Encounters in Faial"}]},{"@type":"WebSite","@id":"https:\/\/www.lifeazoresnatura.eu\/#website","url":"https:\/\/www.lifeazoresnatura.eu\/","name":"LIFE IP Azores Natura","description":"Preserva\u00e7\u00e3o da natureza em Horta","publisher":{"@id":"https:\/\/www.lifeazoresnatura.eu\/#organization"},"potentialAction":[{"@type":"SearchAction","target":{"@type":"EntryPoint","urlTemplate":"https:\/\/www.lifeazoresnatura.eu\/?s={search_term_string}"},"query-input":{"@type":"PropertyValueSpecification","valueRequired":true,"valueName":"search_term_string"}}],"inLanguage":"en-US"},{"@type":"Organization","@id":"https:\/\/www.lifeazoresnatura.eu\/#organization","name":"LIFE IP Azores Natura","url":"https:\/\/www.lifeazoresnatura.eu\/","logo":{"@type":"ImageObject","inLanguage":"en-US","@id":"https:\/\/www.lifeazoresnatura.eu\/#\/schema\/logo\/image\/","url":"https:\/\/www.lifeazoresnatura.eu\/wp-content\/uploads\/2019\/07\/logo.png","contentUrl":"https:\/\/www.lifeazoresnatura.eu\/wp-content\/uploads\/2019\/07\/logo.png","width":2100,"height":900,"caption":"LIFE IP Azores Natura"},"image":{"@id":"https:\/\/www.lifeazoresnatura.eu\/#\/schema\/logo\/image\/"},"sameAs":["https:\/\/www.facebook.com\/LIFEIPAZORESNATURA","https:\/\/www.instagram.com\/lifeipazoresnatura\/?hl=pt"]}]}},"_links":{"self":[{"href":"https:\/\/www.lifeazoresnatura.eu\/en\/wp-json\/wp\/v2\/noticias\/7745","targetHints":{"allow":["GET"]}}],"collection":[{"href":"https:\/\/www.lifeazoresnatura.eu\/en\/wp-json\/wp\/v2\/noticias"}],"about":[{"href":"https:\/\/www.lifeazoresnatura.eu\/en\/wp-json\/wp\/v2\/types\/noticias"}],"author":[{"embeddable":true,"href":"https:\/\/www.lifeazoresnatura.eu\/en\/wp-json\/wp\/v2\/users\/6"}],"version-history":[{"count":2,"href":"https:\/\/www.lifeazoresnatura.eu\/en\/wp-json\/wp\/v2\/noticias\/7745\/revisions"}],"predecessor-version":[{"id":7747,"href":"https:\/\/www.lifeazoresnatura.eu\/en\/wp-json\/wp\/v2\/noticias\/7745\/revisions\/7747"}],"wp:featuredmedia":[{"embeddable":true,"href":"https:\/\/www.lifeazoresnatura.eu\/en\/wp-json\/wp\/v2\/media\/7726"}],"wp:attachment":[{"href":"https:\/\/www.lifeazoresnatura.eu\/en\/wp-json\/wp\/v2\/media?parent=7745"}],"curies":[{"name":"wp","href":"https:\/\/api.w.org\/{rel}","templated":true}]}}